[{"@context":"https:\/\/schema.org\/","@type":"Article","@id":"https:\/\/www.fundlacek.cz\/ten-nejdulezitejsi-den\/#Article","mainEntityOfPage":"https:\/\/www.fundlacek.cz\/ten-nejdulezitejsi-den\/","headline":"Ten nejd\u016fle\u017eit\u011bj\u0161\u00ed den","name":"Ten nejd\u016fle\u017eit\u011bj\u0161\u00ed den","description":"Svatba pat\u0159\u00ed ke dn\u016fm, na kter\u00e9 se nikdy zapom\u00edn\u00e1, proto je d\u016fle\u017eit\u00e9 ji napl\u00e1novat do posledn\u00edho detailu, abyste nebyli zklaman\u00ed, \u017ee se n\u011bco pokazilo. Nezapome\u0148te pozvat v\u0161echny lidi, kter\u00e9 m\u00e1te r\u00e1di, a kte\u0159\u00ed V\u00e1m zas\u00e1hli do \u017eivota. Jak l\u00e9pe to ud\u011blat, ne\u017e s kr\u00e1sn\u00fdm svatebn\u00edm ozn\u00e1men\u00edm od na\u0161\u00ed spole\u010dnosti. Prod\u00e1v\u00e1me origin\u00e1ln\u00ed karti\u010dky vypracovan\u00e9 do posledn\u00edho&hellip;","datePublished":"2024-11-19","dateModified":"2024-11-19","author":{"@type":"Person","@id":"https:\/\/www.fundlacek.cz\/author\/devene\/#Person","name":"devene","url":"https:\/\/www.fundlacek.cz\/author\/devene\/","identifier":1,"image":{"@type":"ImageObject","@id":"https:\/\/secure.gravatar.com\/avatar\/4faace62981be50719be6a25151192978e6d585737a520836dcb98934de3bb45?s=96&d=mm&r=g","url":"https:\/\/secure.gravatar.com\/avatar\/4faace62981be50719be6a25151192978e6d585737a520836dcb98934de3bb45?s=96&d=mm&r=g","height":96,"width":96}},"publisher":{"@type":"Organization","name":"fundlacek.cz","logo":{"@type":"ImageObject","@id":"\/logo.png","url":"\/logo.png","width":600,"height":60}},"url":"https:\/\/www.fundlacek.cz\/ten-nejdulezitejsi-den\/","wordCount":167,"articleBody":"\tSvatba pat\u0159\u00ed ke dn\u016fm, na kter\u00e9 se nikdy zapom\u00edn\u00e1, proto je d\u016fle\u017eit\u00e9 ji napl\u00e1novat do posledn\u00edho detailu, abyste nebyli zklaman\u00ed, \u017ee se n\u011bco pokazilo. Nezapome\u0148te pozvat v\u0161echny lidi, kter\u00e9 m\u00e1te r\u00e1di, a kte\u0159\u00ed V\u00e1m zas\u00e1hli do \u017eivota. Jak l\u00e9pe to ud\u011blat, ne\u017e s kr\u00e1sn\u00fdm svatebn\u00edm ozn\u00e1men\u00edm od na\u0161\u00ed spole\u010dnosti. Prod\u00e1v\u00e1me origin\u00e1ln\u00ed karti\u010dky vypracovan\u00e9 do posledn\u00edho detailu. Objednejte si tak\u00e9 doprovodn\u00e9 materi\u00e1ly, kter\u00e9 nab\u00edz\u00edme ve stejn\u00fdch motivech.\tProhl\u00e9dn\u011bte si n\u00e1\u0161 online katalogSv\u00e9 ozn\u00e1men\u00ed si vyberte z na\u0161eho internetov\u00e9ho obchodu a m\u016f\u017eete si b\u00fdt jist\u00ed t\u00edm, \u017ee bude pat\u0159it k t\u011bm nejhez\u010d\u00edm, kter\u00e9 jsou na \u010desk\u00e9m trhu k dost\u00e1n\u00ed. Jejich v\u00fdrobou se zab\u00fdv\u00e1me ji\u017e \u0159adu let. V\u017edy tiskneme na ty nejkvalitn\u011bj\u0161\u00ed materi\u00e1ly a tou nejvysp\u011blej\u0161\u00ed technikou.                                                                                                                                                                                                                                                                                                                                                                                        2.8\/5 - (5 votes)        "},{"@context":"https:\/\/schema.org\/","@type":"BreadcrumbList","itemListElement":[{"@type":"ListItem","position":1,"name":"Ten nejd\u016fle\u017eit\u011bj\u0161\u00ed den","item":"https:\/\/www.fundlacek.cz\/ten-nejdulezitejsi-den\/#breadcrumbitem"}]}]