[{"@context":"https:\/\/schema.org\/","@type":"Article","@id":"https:\/\/www.fundlacek.cz\/automobil-pro-kamaradku\/#Article","mainEntityOfPage":"https:\/\/www.fundlacek.cz\/automobil-pro-kamaradku\/","headline":"Automobil pro kamar\u00e1dku","name":"Automobil pro kamar\u00e1dku","description":"V\u0161ichni v\u00edme, \u017ee v na\u0161\u00ed republice \u017eije opravdu hodn\u011b cizinc\u016f. M\u011b tohle absolutn\u011b nevad\u00ed, proto\u017ee s cizinci m\u00e1m zat\u00edm sam\u00e9 dobr\u00e9 zku\u0161enosti. N\u011bkdy se ale stane, \u017ee i cizinci cht\u011bj\u00ed v na\u0161\u00ed republice n\u011bjakou p\u016fj\u010dku, aby spl\u00e1celi tak\u00e9 samoz\u0159ejm\u011b poctiv\u011b spl\u00e1tky. A pokud na\u0161i cizinci u n\u00e1s v republice tak\u00e9 cht\u011bj\u00ed n\u011bjak\u00fd automobil na spl\u00e1tky,&hellip;","datePublished":"2025-12-24","dateModified":"2025-12-24","author":{"@type":"Person","@id":"https:\/\/www.fundlacek.cz\/author\/devene\/#Person","name":"devene","url":"https:\/\/www.fundlacek.cz\/author\/devene\/","identifier":1,"image":{"@type":"ImageObject","@id":"https:\/\/secure.gravatar.com\/avatar\/4faace62981be50719be6a25151192978e6d585737a520836dcb98934de3bb45?s=96&d=mm&r=g","url":"https:\/\/secure.gravatar.com\/avatar\/4faace62981be50719be6a25151192978e6d585737a520836dcb98934de3bb45?s=96&d=mm&r=g","height":96,"width":96}},"publisher":{"@type":"Organization","name":"fundlacek.cz","logo":{"@type":"ImageObject","@id":"\/logo.png","url":"\/logo.png","width":600,"height":60}},"image":{"@type":"ImageObject","@id":"https:\/\/www.fundlacek.cz\/wp-content\/uploads\/house-366927_640_4.jpg","url":"https:\/\/www.fundlacek.cz\/wp-content\/uploads\/house-366927_640_4.jpg","height":0,"width":0},"url":"https:\/\/www.fundlacek.cz\/automobil-pro-kamaradku\/","about":["Podnik\u00e1n\u00ed"],"wordCount":420,"articleBody":"   V\u0161ichni v\u00edme, \u017ee v na\u0161\u00ed republice \u017eije opravdu hodn\u011b cizinc\u016f. M\u011b tohle absolutn\u011b nevad\u00ed, proto\u017ee s cizinci m\u00e1m zat\u00edm sam\u00e9 dobr\u00e9 zku\u0161enosti. N\u011bkdy se ale stane, \u017ee i cizinci cht\u011bj\u00ed v na\u0161\u00ed republice n\u011bjakou p\u016fj\u010dku, aby spl\u00e1celi tak\u00e9 samoz\u0159ejm\u011b poctiv\u011b spl\u00e1tky. A pokud na\u0161i cizinci u n\u00e1s v republice tak\u00e9 cht\u011bj\u00ed n\u011bjak\u00fd automobil na spl\u00e1tky, tak samoz\u0159ejm\u011b \u017ee to jde. Opravdu se toho nikdo nemus\u00ed b\u00e1t, \u017ee by ne\u0161lo automobil na spl\u00e1tky, aby to bylo tak\u00e9 pro cizince. Auto na spl\u00e1tky a pro cizince Je u n\u00e1s v republice samoz\u0159ejm\u011b \u00fapln\u011b b\u011b\u017en\u00e1 v\u011bc. Je logick\u00e9, \u017ee to u n\u00e1s jde, j\u00e1 se tomu nediv\u00edm. Proto\u017ee si vzpom\u00edn\u00e1m, kdy\u017e moje kamar\u00e1dka, kter\u00e1 poch\u00e1z\u00ed z It\u00e1lie a cht\u011bla u n\u00e1s automobil, tak i tak j\u00ed to vy\u0161lo, moje kamar\u00e1dka tomu nemohla ani uv\u011b\u0159it.Ona se v It\u00e1lii narodila a tak\u00e9 do sv\u00fdch osmn\u00e1ctin tam z\u016fstala. Jenom\u017ee \u0159\u00edkala, \u017ee kdy\u017e m\u00e1 tak\u00e9 v \u010desk\u00e9 republice partnera, \u017ee se tam nast\u011bhuje, byla jsem opravdu r\u00e1da, proto\u017ee to byla moje dlouholet\u00e1 kamar\u00e1dka. Proto\u017ee v It\u00e1lii jsem tak\u00e9 \u017eila moje kamar\u00e1dka si myslela, \u017ee bude m\u00edt velik\u00e9 probl\u00e9my u n\u00e1s v republice, \u017ee nese\u017eene bydlen\u00ed a \u017ee nedostane ani \u017e\u00e1dnou p\u016fj\u010dku, nebo n\u011bco podobn\u00e9ho. A kdy\u017e moje kamar\u00e1dka cht\u011bla automobil na spl\u00e1tky, tak samoz\u0159ejm\u011b, \u017ee j\u00ed to vy\u0161lo.Ani nev\u00edte jak moje kamar\u00e1dka byla nad\u0161en\u00e1? Moje kamar\u00e1dka tomu nemohla v\u016fbec v\u011b\u0159it. A taky jsem kamar\u00e1dce \u0159ekla, \u017ee se nemus\u00ed divit, \u017ee je tady u n\u00e1s je to naprosto norm\u00e1ln\u00ed. A kdy\u017e si kamar\u00e1dka a domlouvala tak\u00e9 automobil na spl\u00e1tky, kter\u00e9 je pro cizince, tak byla opravdu nad\u0161en\u00e1. Pr\u00fd podm\u00ednky t\u00e9to p\u016fj\u010dky jsou naprosto kvalitn\u00ed a norm\u00e1ln\u00ed o\u010dek\u00e1vala n\u011bjak\u00e9 divn\u00e9. Podm\u00ednky nebo i slo\u017eit\u00e9 podm\u00ednky, ale tady na\u0161t\u011bst\u00ed v\u0161echno bylo v po\u0159\u00e1dku, proto\u017ee jsem tam byla s kamar\u00e1dkou. Nav\u00edc jsem tak\u00e9 v bance. Kamar\u00e1dka m\u011bla sv\u00e9ho partnera, kter\u00fd je z\u00e1rove\u0148 i m\u016fj kamar\u00e1d a v\u0161echno dopadlo skv\u011ble a bez probl\u00e9m\u016f.                                                                                                                                                                                                                                                                                                                                                                                           5\/5 - (2 votes)        "},{"@context":"https:\/\/schema.org\/","@type":"BreadcrumbList","itemListElement":[{"@type":"ListItem","position":1,"name":"Automobil pro kamar\u00e1dku","item":"https:\/\/www.fundlacek.cz\/automobil-pro-kamaradku\/#breadcrumbitem"}]}]